{"id":49681,"date":"2026-09-04T11:47:45","date_gmt":"2026-09-04T14:47:45","guid":{"rendered":"https:\/\/sbcnoticias.com\/br\/?p=49681"},"modified":"2026-09-04T11:47:50","modified_gmt":"2026-09-04T14:47:50","slug":"senacon-grupo-de-trabalho-fiscalizar-apostas-2","status":"publish","type":"post","link":"https:\/\/sbcnoticias.com\/br\/senacon-grupo-de-trabalho-fiscalizar-apostas-2\/","title":{"rendered":"Senacon institui Grupo de Trabalho para combater pr\u00e1ticas abusivas em apostas online"},"content":{"rendered":"\n<p class=\"wp-block-paragraph\">A <strong><a href=\"https:\/\/sbcnoticias.com\/br\/senacon-oficina-fiscalizacao-apostas-online\/\" target=\"_blank\" rel=\"noreferrer noopener\">Secretaria Nacional do Consumidor (Senacon)<\/a><\/strong>, vinculada ao <strong>Minist\u00e9rio da Justi\u00e7a e Seguran\u00e7a P\u00fablica<\/strong>, definiu os integrantes do Grupo de Trabalho respons\u00e1vel por elaborar um programa de atua\u00e7\u00e3o coordenada para o mercado de apostas de quota fixa.<\/p>\n\n\n\n<p class=\"wp-block-paragraph\">A composi\u00e7\u00e3o foi estabelecida pela <a href=\"https:\/\/www.in.gov.br\/web\/dou\/-\/portaria-n-73-de-12-de-agosto-de-2026-730229584\" target=\"_blank\" rel=\"noreferrer noopener\">Portaria n\u00ba 73, de 12 de agosto de 2026<\/a>, publicada nesta sexta-feira, 4, no <strong>Di\u00e1rio Oficial da Uni\u00e3o (DOU)<\/strong>.<\/p>\n\n\n\n<p class=\"wp-block-paragraph\">Segundo a portaria, o programa ser\u00e1 desenvolvido no \u00e2mbito do <strong>Sistema Nacional de Defesa do Consumidor (SNDC)<\/strong> e ter\u00e1 como objetivo atuar na preven\u00e7\u00e3o, fiscaliza\u00e7\u00e3o e repress\u00e3o de pr\u00e1ticas abusivas relacionadas \u00e0s apostas. O an\u00fancio foi feito num momento em que operadores regulados ter\u00e3o que se adaptar a <a href=\"https:\/\/sbcnoticias.com\/br\/conar-explica-regras-publicidade-apostas\/\" target=\"_blank\" rel=\"noreferrer noopener\">novas regras de publicidade<\/a> e est\u00e3o sob <a href=\"https:\/\/sbcnoticias.com\/br\/governo-lula-avalia-mp-apostas-online\/\" target=\"_blank\" rel=\"noreferrer noopener\">escrut\u00ednio da classe pol\u00edtica<\/a>.<\/p>\n\n\n\n<h2 class=\"wp-block-heading\">Grupo de Trabalho da Senacon re\u00fane \u00f3rg\u00e3os de defesa do consumidor<\/h2>\n\n\n<div class=\"wp-block-image\">\n<figure class=\"aligncenter size-full\"><img loading=\"lazy\" decoding=\"async\" width=\"700\" height=\"400\" src=\"https:\/\/resourcesbr.sbcnoticias.com\/sbcnoticiasbr\/sites\/3\/2026\/07\/Ricardo-Morishita-Senacon.jpg\" alt=\"Foto tirada de Ricardo Morishita, respons\u00e1vel pela Senacon.\" class=\"wp-image-48301\" srcset=\"https:\/\/resourcesbr.sbcnoticias.com\/sbcnoticiasbr\/sites\/3\/2026\/07\/Ricardo-Morishita-Senacon.jpg 700w, https:\/\/resourcesbr.sbcnoticias.com\/sbcnoticiasbr\/sites\/3\/2026\/07\/Ricardo-Morishita-Senacon-300x171.jpg 300w, https:\/\/resourcesbr.sbcnoticias.com\/sbcnoticiasbr\/sites\/3\/2026\/07\/Ricardo-Morishita-Senacon-696x398.jpg 696w\" sizes=\"auto, (max-width: 700px) 100vw, 700px\" \/><figcaption class=\"wp-element-caption\">Ricardo Wada, secret\u00e1rio nacional do Consumidor. Cr\u00e9dito: Washington Costa\/Minist\u00e9rio da Fazenda<\/figcaption><\/figure>\n<\/div>\n\n\n<p class=\"wp-block-paragraph\">Al\u00e9m de representantes da pr\u00f3pria Senacon, o grupo conta com integrantes da associa\u00e7\u00e3o <strong>PROCONS Brasil<\/strong>, do <strong>Minist\u00e9rio P\u00fablico do Consumidor<\/strong>, do <strong>Conselho Nacional das Defensoras e Defensores P\u00fablicos-Gerais<\/strong> e do <strong>Minist\u00e9rio P\u00fablico do Distrito Federal e Territ\u00f3rios (MPDFT)<\/strong>.<\/p>\n\n\n\n<p class=\"wp-block-paragraph\">Entre os membros designados est\u00e3o:<\/p>\n\n\n\n<ul class=\"wp-block-list\">\n<li><strong>Ricardo Morishita Wada<\/strong>, secret\u00e1rio nacional do Consumidor; <\/li>\n\n\n\n<li><strong>Karen Beatriz Taveira Barros,<\/strong> representando o PROCONS Brasil; e <\/li>\n\n\n\n<li><strong>Thelma Leal<\/strong>, promotora representando o Minist\u00e9rio P\u00fablico do Consumidor.<\/li>\n<\/ul>\n\n\n\n<p class=\"wp-block-paragraph\">A portaria da Senacon se limitou a definir a composi\u00e7\u00e3o do grupo e n\u00e3o estabeleceu quais medidas espec\u00edficas integrar\u00e3o o futuro programa de atua\u00e7\u00e3o coordenada.<\/p>\n\n\n\n<hr class=\"wp-block-separator has-alpha-channel-opacity\"\/>\n\n\n\n<p class=\"wp-block-paragraph\"><em>Quer conferir mais hist\u00f3rias como esta? Acesse o novo canal da&nbsp;<a href=\"https:\/\/www.youtube.com\/@SBCMediaChannel\" target=\"_blank\" rel=\"noreferrer noopener\">SBC Media no YouTube<\/a>, o novo espa\u00e7o dedicado a tudo relacionado \u00e0 multim\u00eddia na SBC, onde nossa equipe explora em detalhes as principais not\u00edcias dos setores de apostas esportivas, iGaming, afiliados e pagamentos.&nbsp;<\/em><\/p>\n\n\n\n<hr class=\"wp-block-separator has-alpha-channel-opacity\"\/>\n\n\n\n<p class=\"wp-block-paragraph\"><em>Receba um resumo com as principais not\u00edcias sobre o mercado de jogos online e de apostas esportivas no Brasil atrav\u00e9s do&nbsp;<\/em><a href=\"https:\/\/sbcnoticias.com\/br\/newsletter\/\" target=\"_blank\" rel=\"noreferrer noopener\"><em>link<\/em><\/a><em>. A newsletter \u00e9 enviada toda segunda, ter\u00e7a e quinta-feira, sempre \u00e0s 17 horas<\/em>.<\/p>\n","protected":false},"excerpt":{"rendered":"<p>A Secretaria Nacional do Consumidor (Senacon), vinculada ao Minist\u00e9rio da Justi\u00e7a e Seguran\u00e7a P\u00fablica, definiu os integrantes do Grupo de Trabalho respons\u00e1vel por elaborar um programa de atua\u00e7\u00e3o coordenada para [&hellip;]<\/p>\n","protected":false},"author":35,"featured_media":48034,"comment_status":"open","ping_status":"open","sticky":false,"template":"","format":"standard","meta":{"tdm_status":"","tdm_grid_status":"","footnotes":""},"categories":[3664],"tags":[3644,89,3742,10423,8249],"class_list":["post-49681","post","type-post","status-publish","format-standard","has-post-thumbnail","category-apostas-esportivas","tag-apostas-esportivas","tag-brasil","tag-cassinos-online","tag-ricardo-wada-morishita","tag-senacon"],"amp_enabled":true,"_links":{"self":[{"href":"https:\/\/sbcnoticias.com\/br\/wp-json\/wp\/v2\/posts\/49681","targetHints":{"allow":["GET"]}}],"collection":[{"href":"https:\/\/sbcnoticias.com\/br\/wp-json\/wp\/v2\/posts"}],"about":[{"href":"https:\/\/sbcnoticias.com\/br\/wp-json\/wp\/v2\/types\/post"}],"author":[{"embeddable":true,"href":"https:\/\/sbcnoticias.com\/br\/wp-json\/wp\/v2\/users\/35"}],"replies":[{"embeddable":true,"href":"https:\/\/sbcnoticias.com\/br\/wp-json\/wp\/v2\/comments?post=49681"}],"version-history":[{"count":1,"href":"https:\/\/sbcnoticias.com\/br\/wp-json\/wp\/v2\/posts\/49681\/revisions"}],"predecessor-version":[{"id":49682,"href":"https:\/\/sbcnoticias.com\/br\/wp-json\/wp\/v2\/posts\/49681\/revisions\/49682"}],"wp:featuredmedia":[{"embeddable":true,"href":"https:\/\/sbcnoticias.com\/br\/wp-json\/wp\/v2\/media\/48034"}],"wp:attachment":[{"href":"https:\/\/sbcnoticias.com\/br\/wp-json\/wp\/v2\/media?parent=49681"}],"wp:term":[{"taxonomy":"category","embeddable":true,"href":"https:\/\/sbcnoticias.com\/br\/wp-json\/wp\/v2\/categories?post=49681"},{"taxonomy":"post_tag","embeddable":true,"href":"https:\/\/sbcnoticias.com\/br\/wp-json\/wp\/v2\/tags?post=49681"}],"curies":[{"name":"wp","href":"https:\/\/api.w.org\/{rel}","templated":true}]}}