{"id":49683,"date":"2026-09-04T13:06:53","date_gmt":"2026-09-04T16:06:53","guid":{"rendered":"https:\/\/sbcnoticias.com\/br\/?p=49683"},"modified":"2026-09-04T13:06:58","modified_gmt":"2026-09-04T16:06:58","slug":"raiana-falcao-deixa-subsecretaria-spa","status":"publish","type":"post","link":"https:\/\/sbcnoticias.com\/br\/raiana-falcao-deixa-subsecretaria-spa\/","title":{"rendered":"Raiana Falc\u00e3o deixa Subsecretaria de A\u00e7\u00e3o Sancionadora da SPA"},"content":{"rendered":"\n<div class=\"wp-block-group is-nowrap is-layout-flex wp-container-core-group-is-layout-8f761849 wp-block-group-is-layout-flex\">\n<p class=\"wp-block-paragraph\">A <strong>Casa Civil da Presid\u00eancia da Rep\u00fablica<\/strong> exonerou, a pedido, <strong>Raiana Luiza de Andrade Falc\u00e3o Ferreira<\/strong> do cargo de Subsecret\u00e1ria de A\u00e7\u00e3o Sancionadora da <strong>Secretaria de Pr\u00eamios e Apostas do Minist\u00e9rio da Fazenda (SPA\/MF)<\/strong>.<\/p>\n\n\n<div class=\"wp-block-image\">\n<figure class=\"aligncenter size-large\"><img loading=\"lazy\" decoding=\"async\" width=\"693\" height=\"1024\" src=\"https:\/\/resourcesbr.sbcnoticias.com\/sbcnoticiasbr\/sites\/3\/2026\/09\/Raiana-Falcao-Deixa-SPA-em-Setembro-2026-693x1024.jpeg\" alt=\"Raiana Falc\u00e3o, ex-subsecret\u00e1ria de A\u00e7\u00e3o Sancionadora da SPA.\" class=\"wp-image-49685\" srcset=\"https:\/\/resourcesbr.sbcnoticias.com\/sbcnoticiasbr\/sites\/3\/2026\/09\/Raiana-Falcao-Deixa-SPA-em-Setembro-2026-693x1024.jpeg 693w, https:\/\/resourcesbr.sbcnoticias.com\/sbcnoticiasbr\/sites\/3\/2026\/09\/Raiana-Falcao-Deixa-SPA-em-Setembro-2026-203x300.jpeg 203w, https:\/\/resourcesbr.sbcnoticias.com\/sbcnoticiasbr\/sites\/3\/2026\/09\/Raiana-Falcao-Deixa-SPA-em-Setembro-2026-768x1135.jpeg 768w, https:\/\/resourcesbr.sbcnoticias.com\/sbcnoticiasbr\/sites\/3\/2026\/09\/Raiana-Falcao-Deixa-SPA-em-Setembro-2026-284x420.jpeg 284w, https:\/\/resourcesbr.sbcnoticias.com\/sbcnoticiasbr\/sites\/3\/2026\/09\/Raiana-Falcao-Deixa-SPA-em-Setembro-2026-696x1028.jpeg 696w, https:\/\/resourcesbr.sbcnoticias.com\/sbcnoticiasbr\/sites\/3\/2026\/09\/Raiana-Falcao-Deixa-SPA-em-Setembro-2026.jpeg 800w\" sizes=\"auto, (max-width: 693px) 100vw, 693px\" \/><figcaption class=\"wp-element-caption\">Cr\u00e9dito: LinkedIn<\/figcaption><\/figure>\n<\/div><\/div>\n\n\n\n<p class=\"wp-block-paragraph\">A decis\u00e3o foi anunciada por meio da <a href=\"https:\/\/www.in.gov.br\/web\/dou\/-\/portarias-de-3-de-setembro-de-2026-730215516?\" target=\"_blank\" rel=\"noreferrer noopener\">Portaria n\u00ba 1.013, de 3 de setembro de 2026<\/a>, publicada no <strong>Di\u00e1rio Oficial da Uni\u00e3o (DOU)<\/strong> desta sexta-feira, 4.<\/p>\n\n\n\n<p class=\"wp-block-paragraph\">A portaria n\u00e3o informa quem assumir\u00e1 o comando da Subsecretaria de A\u00e7\u00e3o Sancionadora. At\u00e9 a publica\u00e7\u00e3o desta mat\u00e9ria, Falc\u00e3o n\u00e3o havia se manifestado sobre a exonera\u00e7\u00e3o em seu <em><a href=\"https:\/\/www.linkedin.com\/in\/raianafalcao\/?skipRedirect=true\" target=\"_blank\" rel=\"noreferrer noopener\">LinkedIn<\/a><\/em>.<\/p>\n\n\n\n<h2 class=\"wp-block-heading\">Raiana Falc\u00e3o participou da forma\u00e7\u00e3o da SPA<\/h2>\n\n\n\n<p class=\"wp-block-paragraph\">Advogada, Falc\u00e3o integrou o primeiro grupo de dirigentes nomeados para a SPA ap\u00f3s a <a href=\"https:\/\/sbcnoticias.com\/br\/secretaria-premios-apostas-nomeacoes\/\" target=\"_blank\" rel=\"noreferrer noopener\">cria\u00e7\u00e3o da secretaria, em janeiro de 2024<\/a>. Ela foi nomeada subsecret\u00e1ria de A\u00e7\u00e3o Sancionadora em 21 de fevereiro daquele ano, ao lado de outros nomes que participaram da estrutura\u00e7\u00e3o inicial do \u00f3rg\u00e3o.<\/p>\n\n\n\n<p class=\"wp-block-paragraph\">Raiana, portanto, acompanhou todo o per\u00edodo de adapta\u00e7\u00e3o \u00e0 regula\u00e7\u00e3o e, posteriormente, o in\u00edcio da opera\u00e7\u00e3o do mercado federal de apostas de quota fixa, que entrou plenamente em vigor em janeiro de 2025.<\/p>\n\n\n\n<p class=\"wp-block-paragraph\">A Subsecretaria de A\u00e7\u00e3o Sancionadora julga, em primeira inst\u00e2ncia, processos administrativos sancionadores e decide sobre a aplica\u00e7\u00e3o de penalidades ou o arquivamento de casos em que n\u00e3o seja constatada irregularidade. A unidade tamb\u00e9m analisa a admissibilidade de recursos e pode propor termos de compromisso.<\/p>\n\n\n\n<p class=\"wp-block-paragraph\">Neste ano vimos outras mudan\u00e7as no quadro da SPA, tais como a sa\u00edda do ex-secret\u00e1rio de Pr\u00eamios e Apostas\u00a0<strong><a href=\"https:\/\/sbcnoticias.com\/br\/regis-dudena-deixa-spa-assume-sre\/\" target=\"_blank\" rel=\"noreferrer noopener\">Regis Dudena<\/a><\/strong>\u00a0para a\u00a0<strong>Secretaria de Reformas Econ\u00f4micas (SRE)<\/strong>\u00a0e a efetiva\u00e7\u00e3o de\u00a0<strong><a href=\"https:\/\/sbcnoticias.com\/br\/daniele-cardoso-secretaria-premios-e-apostas\/\" target=\"_blank\" rel=\"noreferrer noopener\">Daniele Correa Cardoso<\/a><\/strong>\u00a0como nova secret\u00e1ria.<\/p>\n\n\n\n<hr class=\"wp-block-separator has-alpha-channel-opacity\"\/>\n\n\n\n<p class=\"wp-block-paragraph\"><em>Quer conferir mais hist\u00f3rias como esta? Acesse o novo canal da&nbsp;<a href=\"https:\/\/www.youtube.com\/@SBCMediaChannel\" target=\"_blank\" rel=\"noreferrer noopener\">SBC Media no YouTube<\/a>, o novo espa\u00e7o dedicado a tudo relacionado \u00e0 multim\u00eddia na SBC, onde nossa equipe explora em detalhes as principais not\u00edcias dos setores de apostas esportivas, iGaming, afiliados e pagamentos.&nbsp;<\/em><\/p>\n\n\n\n<hr class=\"wp-block-separator has-alpha-channel-opacity\"\/>\n\n\n\n<p class=\"wp-block-paragraph\"><em>Receba um resumo com as principais not\u00edcias sobre o mercado de jogos online e de apostas esportivas no Brasil atrav\u00e9s do&nbsp;<\/em><a href=\"https:\/\/sbcnoticias.com\/br\/newsletter\/\" target=\"_blank\" rel=\"noreferrer noopener\"><em>link<\/em><\/a><em>. A newsletter \u00e9 enviada toda segunda, ter\u00e7a e quinta-feira, sempre \u00e0s 17 horas<\/em>.<\/p>\n","protected":false},"excerpt":{"rendered":"<p>A Casa Civil da Presid\u00eancia da Rep\u00fablica exonerou, a pedido, Raiana Luiza de Andrade Falc\u00e3o Ferreira do cargo de Subsecret\u00e1ria de A\u00e7\u00e3o Sancionadora da Secretaria de Pr\u00eamios e Apostas do [&hellip;]<\/p>\n","protected":false},"author":35,"featured_media":49686,"comment_status":"open","ping_status":"open","sticky":false,"template":"","format":"standard","meta":{"tdm_status":"","tdm_grid_status":"","footnotes":""},"categories":[3664,8892],"tags":[3644,3946,10425,6426,10424],"class_list":["post-49683","post","type-post","status-publish","format-standard","has-post-thumbnail","category-apostas-esportivas","category-destacado","tag-apostas-esportivas","tag-ministerio-da-fazenda","tag-raiana-falcao","tag-spa","tag-subsecretaria-de-acao-sancionadora"],"amp_enabled":true,"_links":{"self":[{"href":"https:\/\/sbcnoticias.com\/br\/wp-json\/wp\/v2\/posts\/49683","targetHints":{"allow":["GET"]}}],"collection":[{"href":"https:\/\/sbcnoticias.com\/br\/wp-json\/wp\/v2\/posts"}],"about":[{"href":"https:\/\/sbcnoticias.com\/br\/wp-json\/wp\/v2\/types\/post"}],"author":[{"embeddable":true,"href":"https:\/\/sbcnoticias.com\/br\/wp-json\/wp\/v2\/users\/35"}],"replies":[{"embeddable":true,"href":"https:\/\/sbcnoticias.com\/br\/wp-json\/wp\/v2\/comments?post=49683"}],"version-history":[{"count":1,"href":"https:\/\/sbcnoticias.com\/br\/wp-json\/wp\/v2\/posts\/49683\/revisions"}],"predecessor-version":[{"id":49687,"href":"https:\/\/sbcnoticias.com\/br\/wp-json\/wp\/v2\/posts\/49683\/revisions\/49687"}],"wp:featuredmedia":[{"embeddable":true,"href":"https:\/\/sbcnoticias.com\/br\/wp-json\/wp\/v2\/media\/49686"}],"wp:attachment":[{"href":"https:\/\/sbcnoticias.com\/br\/wp-json\/wp\/v2\/media?parent=49683"}],"wp:term":[{"taxonomy":"category","embeddable":true,"href":"https:\/\/sbcnoticias.com\/br\/wp-json\/wp\/v2\/categories?post=49683"},{"taxonomy":"post_tag","embeddable":true,"href":"https:\/\/sbcnoticias.com\/br\/wp-json\/wp\/v2\/tags?post=49683"}],"curies":[{"name":"wp","href":"https:\/\/api.w.org\/{rel}","templated":true}]}}